{"id":30333,"date":"2025-09-18T06:31:09","date_gmt":"2025-09-18T06:31:09","guid":{"rendered":"https:\/\/kalyanironsteel.in\/?p=30333"},"modified":"2025-09-18T06:44:45","modified_gmt":"2025-09-18T06:44:45","slug":"sello-editorial-usach-en-le-monde-diplomatique-40","status":"publish","type":"post","link":"https:\/\/kalyanironsteel.in\/?p=30333","title":{"rendered":"Sello Editorial Usach en Le Monde diplomatique Universidad de Santiago de Chile"},"content":{"rendered":"<p>Junto a Joaqu\u00edn Coci\u00f1a conforman la dupla Le\u00f3n &amp; Coci\u00f1a. En 2018 estrenaron en la 68 Berlinale, su primer largometraje de animaci\u00f3n, llamado \u201cLa Casa Lobo\u201d. Su trabajo ha sido expuesto entre otros lugares en la Bienal de Venecia, el Museo de Arte Moderno de Buenos Aires y el Museo Guggenheim de Nueva York. Desde el a\u00f1o 2011 ha realizado clases y talleres en distintas instituciones como Universidad de Valpara\u00edso, Universidad Austral, Instituto Arcos, Balmaceda Arte Joven, ISLA en Antofagasta y Escuela La Cambre en Bruselas. Su cortometraje \u201cLos Huesos\u201d fue estrenado en el 78\u00b0 Festival de Venecia, obteniendo el premio Orizzonti a Mejor Cortometraje. Este tipo de iniciativas, buscan fomentar el uso de t\u00e9cnicas y formas ancestrales para la creaci\u00f3n de artesan\u00edas u otros objetos, con el fin de rescatar nuestro patrimonio cultural regional, y utilizar lo aprendido en diversos emprendimientos ligados al desarrollo tur\u00edstico.<\/p>\n<h2>Sello Editorial Usach en Le Monde diplomatique<\/h2>\n<p>Es autora de diversos reportajes y entrevistas publicados en distintos medios de comunicaci\u00f3n escrita. Ha sido editora period\u00edstica de revista&nbsp;Paula&nbsp;y revista&nbsp;PAT&nbsp;(Patrimonio Cultural). En 2015 obtuvo el Premio de Periodismo de Excelencia Universidad Alberto Hurtado. En paralelo a la escritura period\u00edstica trabaja en poes\u00eda y textos de arte publicados en diversos libros, revistas y cat\u00e1logos. Adem\u00e1s, ha realizado curator\u00edas en Chile y en el extranjero.<\/p>\n<h3>Yosa Vidal<\/h3>\n<ul>\n<li>Su trabajo en artes visuales y cine lo realiza principalmente como parte del d\u00fao \u201cLe\u00f3n &amp; Coci\u00f1a\u201d.<\/li>\n<li>Director del Centro Nacional del Patrimonio Fotogr\u00e1fico (CENFOTO) de la Universidad Diego Portales, y miembro del Programa Memoria del Mundo-Chile de la UNESCO.<\/li>\n<li>Es licenciada en est\u00e9tica de la Universidad Cat\u00f3lica, mag\u00edster en literatura de la Universidad Cat\u00f3lica de Valpara\u00edso, y doctora en literatura de la Universidad de Chile.<\/li>\n<li>El archivo y el m\u00e1s all\u00e1\u00a0(2022);\u00a0Tecnolog\u00edas del cuerpo.<\/li>\n<li>Ha sido editar de numerosos libros, revistas especializadas y dossiers.<\/li>\n<\/ul>\n<p>El primer gran esfuerzo lo hizo Milton Gallardo, profesor y primer curador que falleci\u00f3 hace unos a\u00f1os. Yo soy el segundo curador y estoy a cargo de la colecci\u00f3n desde el 2012, aproximadamente. Tambi\u00e9n, Freddy Mondaca quiem fue un funcionario y colaborador muy importante y ya se encuentra retirado tras m\u00e1s de 30 a\u00f1os en la colecci\u00f3n\u201d, resalt\u00f3.<\/p>\n<h2>Estudiantes de Licenciatura en Artes Visuales crearon un&#8230;<\/h2>\n<p>\u201cEs un patrimonio que tiene la universidad, un testimonio del patrimonio natural del pa\u00eds e incluso de otros pa\u00edses vecinos, ya que tenemos espec\u00edmenes de Argentina, Uruguay, Paraguay. Adem\u00e1s, es visitada por muchos investigadores no solo de la UACh sino de otras instituciones en Chile y el extranjero, debido que a partir de ella se desarrollan tesis de pregrado y de postgrado, en particular de doctorado las cuales se han materializado estudiando parte del acervo\u201d,&nbsp;indic\u00f3 el Dr. D\u2019El\u00eda. Las noticias y publicaciones contenidas en Diario UACh son producto del trabajo de la Direcci\u00f3n de Comunicaciones de la Universidad Austral de Chile y de las unidades de Comunicaciones y Prensa de las distintas unidades y macrounidades de la casa de estudios, adem\u00e1s de otras colaboraciones externas. Del mismo modo, son fundamentales las y los estudiantes que a lo largo de todos estos a\u00f1os han donado su tiempo a esta colecci\u00f3n. El director Luis Felipe Figueroa resalta la llegada al p\u00fablico lector que pueden tener estas ediciones, de alto nivel y a un muy bajo costo.<\/p>\n<h3>Destacan logros del Proyecto de desarrollo de un modelo de medici\u00f3n de impacto socioproductivo en la UACh<\/h3>\n<p>Su principal \u00e1rea de inter\u00e9s es el pensamiento franc\u00e9s contempor\u00e1neo, en particular en las relaciones entre literatura, pol\u00edtica y filosof\u00eda. Ha traducido para editoriales argentinas y chilenas libros de Jean-Luc Nancy, Maurice Blanchot, Serge Margel, Micha\u00ebl F\u0153ssel y Jean-Christophe Bailly, entre otros. Directora Creativa, dise\u00f1adora y fundadora de Felicidad P\u00fablica. Ha sido parte de numerosos proyectos editoriales como el diario&nbsp;La \u00c9poca,&nbsp;The Clinic, la revista&nbsp;Fibra&nbsp;y los proyectos editoriales propios como el libro&nbsp;Mira T\u00fa, gu\u00eda para perderse en Chile,&nbsp;Vinilo Chileno, El&nbsp;Gran libro del Metro de Santiago, y la editorial independiente&nbsp;Los libros que leo. Como dise\u00f1adora ha sido premiada a nivel nacional e internacional, por The Society of News Design, The Society of Publications Design, Core 77 y ha recibido m\u00faltiples premios de Chile Dise\u00f1o, incluido el reconocimiento \u201cMejor <a href=\"https:\/\/luisfelipecolecciones.com\/\">almacen felipe<\/a> de los mejores\u201d.<\/p>\n<p><img decoding=\"async\" class=\"aligncenter\" style=\"display: block;margin-left:auto;margin-right:auto;\" width=\"606px\" alt=\"luis felipe colecciones\" src=\"C:\\Users\\\u0412\u043e\u043b\u043e\u0434\u0438\u043c\u0438\u0440\\AppData\\Roaming\\scm-next-plus\\content_cache\\68b6a4fd610da716ebc2fa2e\\cache\\luis felipe colecciones\\images\\luis_felipe_colecciones_(4).jpg\"\/><\/p>\n<p>A pesar de lo anterior, en ese lapso este tipo de violencia ha costado vidas, generado heridos, y producido grandes p\u00e9rdidas econ\u00f3micas a los clubes. En Europa, distintos pa\u00edses y organizaciones que han sufrido de este tipo de violencia han publicado distintas legislaciones para atender el problema mencionado, logrando, en algunos casos, disminuir considerablemente los actos violentos y las p\u00e9rdidas econ\u00f3micas asumidas por los clubes. Esta investigaci\u00f3n utiliza al derecho comparado como herramienta para contrastar las legislaciones inglesas y espa\u00f1olas en materia de violencia en los estadios, para luego extraer sugerencias de cambio o adecuaci\u00f3n a la legislaci\u00f3n chilena en esta materia. Actualmente es director literario en Penguin Random House Chile y columnista semanal en revista&nbsp;Qu\u00e9 Pasa.<\/p>\n<h3>Facultad de Ciencias UACh abre convocatoria para sus&#8230;<\/h3>\n<p>Actualmente es socia fundadora de la plataforma de pensamiento&nbsp;Barbarie-Pensar con otros&nbsp;(). Estudi\u00f3 Ingenier\u00eda en la Universidad Federico Santa Mar\u00eda. Entre sus libros se cuentan&nbsp;Purgatorio&nbsp;(1979),&nbsp;Antepara\u00edso&nbsp;(1982),&nbsp;Canto a su amor desaparecido&nbsp;(1985),&nbsp;La Vida Nueva&nbsp;(1994),&nbsp;INRI&nbsp;(2003),&nbsp;In Memoriam&nbsp;(2007),&nbsp;Las ciudades de agua&nbsp;(2007),&nbsp;Cuadernos de Guerra&nbsp;(2010),&nbsp;Zurita&nbsp;(2011),&nbsp;Tu vida rompi\u00e9ndose&nbsp;(2015) y&nbsp;Son importantes las estrellas&nbsp;(ensayos, 2017). En 1979 crea con otros artistas el CADA, Colectivo de Acciones de Arte, realizando acciones de arte de resistencia pol\u00edtica.<\/p>\n<h3>Profesor gu\u00eda<\/h3>\n<p>Es fundador y editor de&nbsp;Peque\u00f1o Dios Editores&nbsp;(2002), editorial de libros de poes\u00eda de bajo costo, y de&nbsp;D21 Editores&nbsp;(2011), editorial de libros visuales de arte y poes\u00eda. Tambi\u00e9n es fundador y director de D21 Proyectos de Arte (2009), galer\u00eda de arte contempor\u00e1neo, <a href=\"https:\/\/partamos.cl\/\">https:\/\/partamos.cl\/<\/a> adem\u00e1s de fundador del CEdA, Centro de Estudios de Arte y Poes\u00eda (2017). Es coleccionista de literatura, poes\u00eda y arte conceptual chileno de los a\u00f1os \u201870 y \u201980. Doctor en Filosof\u00eda por la Universidad de Chile, investigador Programa Historia de las Ideas Pol\u00edticas y profesor de la Escuela de Ciencia Pol\u00edtica de la Universidad Diego Portales. Su principal \u00e1rea de inter\u00e9s es la historia de las ideas pol\u00edticas en Chile en el siglo XIX, con especial \u00e9nfasis en republicanismo, democracia, religi\u00f3n y pol\u00edtica. Es autor de&nbsp;La creaci\u00f3n de la Rep\u00fablica&nbsp;(2009) y de&nbsp;Republicanismo popular en Chile.<\/p>\n","protected":false},"excerpt":{"rendered":"<p>Junto a Joaqu\u00edn Coci\u00f1a conforman la dupla Le\u00f3n &amp; Coci\u00f1a. En 2018 estrenaron en la 68 Berlinale, su primer largometraje de animaci\u00f3n, llamado \u201cLa Casa Lobo\u201d. Su trabajo ha sido expuesto entre otros lugares en la Bienal de Venecia, el Museo de Arte Moderno de Buenos Aires y el Museo Guggenheim de Nueva York. Desde &hellip;<\/p>\n<p class=\"read-more\"> <a class=\"\" href=\"https:\/\/kalyanironsteel.in\/?p=30333\"> <span class=\"screen-reader-text\">Sello Editorial Usach en Le Monde diplomatique Universidad de Santiago de Chile<\/span> Read More &raquo;<\/a><\/p>\n","protected":false},"author":1,"featured_media":0,"comment_status":"open","ping_status":"open","sticky":false,"template":"","format":"standard","meta":{"site-sidebar-layout":"default","site-content-layout":"default","ast-global-header-display":"","ast-main-header-display":"","ast-hfb-above-header-display":"","ast-hfb-below-header-display":"","ast-hfb-mobile-header-display":"","site-post-title":"","ast-breadcrumbs-content":"","ast-featured-img":"","footer-sml-layout":"","theme-transparent-header-meta":"","adv-header-id-meta":"","stick-header-meta":"","header-above-stick-meta":"","header-main-stick-meta":"","header-below-stick-meta":""},"categories":[669],"tags":[],"_links":{"self":[{"href":"https:\/\/kalyanironsteel.in\/index.php?rest_route=\/wp\/v2\/posts\/30333"}],"collection":[{"href":"https:\/\/kalyanironsteel.in\/index.php?rest_route=\/wp\/v2\/posts"}],"about":[{"href":"https:\/\/kalyanironsteel.in\/index.php?rest_route=\/wp\/v2\/types\/post"}],"author":[{"embeddable":true,"href":"https:\/\/kalyanironsteel.in\/index.php?rest_route=\/wp\/v2\/users\/1"}],"replies":[{"embeddable":true,"href":"https:\/\/kalyanironsteel.in\/index.php?rest_route=%2Fwp%2Fv2%2Fcomments&post=30333"}],"version-history":[{"count":1,"href":"https:\/\/kalyanironsteel.in\/index.php?rest_route=\/wp\/v2\/posts\/30333\/revisions"}],"predecessor-version":[{"id":30334,"href":"https:\/\/kalyanironsteel.in\/index.php?rest_route=\/wp\/v2\/posts\/30333\/revisions\/30334"}],"wp:attachment":[{"href":"https:\/\/kalyanironsteel.in\/index.php?rest_route=%2Fwp%2Fv2%2Fmedia&parent=30333"}],"wp:term":[{"taxonomy":"category","embeddable":true,"href":"https:\/\/kalyanironsteel.in\/index.php?rest_route=%2Fwp%2Fv2%2Fcategories&post=30333"},{"taxonomy":"post_tag","embeddable":true,"href":"https:\/\/kalyanironsteel.in\/index.php?rest_route=%2Fwp%2Fv2%2Ftags&post=30333"}],"curies":[{"name":"wp","href":"https:\/\/api.w.org\/{rel}","templated":true}]}}